{"id":6633,"date":"2025-10-14T20:50:47","date_gmt":"2025-10-15T01:50:47","guid":{"rendered":"https:\/\/ahlaurent.com\/?p=6633"},"modified":"2025-10-14T20:51:53","modified_gmt":"2025-10-15T01:51:53","slug":"the-estee-lauder-companies-lanza-la-edicion-33-de-la-campana-rosa-en-peru","status":"publish","type":"post","link":"https:\/\/vortexagencia.com\/ahlaurent\/the-estee-lauder-companies-lanza-la-edicion-33-de-la-campana-rosa-en-peru\/","title":{"rendered":"THE EST\u00c9E LAUDER COMPANIES LANZA LA EDICI\u00d3N 33 DE LA CAMPA\u00d1A ROSA EN PER\u00da"},"content":{"rendered":"\t\t<div data-elementor-type=\"wp-post\" data-elementor-id=\"6633\" class=\"elementor elementor-6633\" data-elementor-post-type=\"post\">\n\t\t\t\t\t\t<section class=\"elementor-section elementor-top-section elementor-element elementor-element-f606990 elementor-section-height-default elementor-section-height-default section-boxed is-skin bg-light bg-no columns-no bg-no\" data-id=\"f606990\" data-element_type=\"section\">\n\t\t\t\t\t\t<div class=\"elementor-container elementor-column-gap-default\">\n\t\t\t\t\t<div class=\"elementor-column elementor-col-100 elementor-top-column elementor-element elementor-element-6d5dcb0 columns-nosticky\" data-id=\"6d5dcb0\" data-element_type=\"column\">\n\t\t\t<div class=\"elementor-widget-wrap elementor-element-populated\">\n\t\t\t\t\t\t<div class=\"elementor-element elementor-element-6b819df elementor-widget elementor-widget-text-editor\" data-id=\"6b819df\" data-element_type=\"widget\" data-widget_type=\"text-editor.default\">\n\t\t\t\t\t\t\t\t\t<p><strong><em>La empresa reafirma su compromiso y moviliza a marcas y voces peruanas<\/em><\/strong><\/p><p><strong>La iniciativa global cumple 33 a\u00f1os generando conciencia, promoviendo la prevenci\u00f3n y apoyando la investigaci\u00f3n para poner fin al c\u00e1ncer de mama.<\/strong><\/p><p>Lima, setiembre 2025. \u2013 En el marco del Mes de Sensibilizaci\u00f3n sobre el C\u00e1ncer de Mama, The Est\u00e9e Lauder Companies present\u00f3 la edici\u00f3n n\u00famero 33 de <strong>La Campa\u00f1a Rosa<\/strong>, movimiento global que ha transformado la concientizaci\u00f3n en una acci\u00f3n sostenida a lo largo de tres d\u00e9cadas. Este a\u00f1o, el lema vuelve a recordar el objetivo com\u00fan: <em>\u201cTodos Unidos para Ayudar a Poner Fin al C\u00e1ncer de Mama\u201d<\/em>.<\/p><p>En el Per\u00fa, la campa\u00f1a se desarrolla desde hace 15 a\u00f1os bajo el liderazgo de <strong>Mar\u00eda Antonia Gustin<\/strong>, consolid\u00e1ndose como una plataforma de impacto real. Gracias al trabajo conjunto con la <strong>Alianza de Apoyo al INEN (ALINEN)<\/strong>, los fondos recaudados han permitido financiar <strong>ex\u00e1menes preventivos gratuitos<\/strong> en el Instituto Nacional de Enfermedades Neopl\u00e1sicas (INEN), ofreciendo a miles de mujeres acceso a diagn\u00f3stico temprano.<\/p><p>El evento de lanzamiento se realiz\u00f3 en el restaurante <strong>Lila Dasso<\/strong> y reuni\u00f3 a personalidades comprometidas con la causa, como <strong>Denisse Dib\u00f3s, Mar\u00eda P\u00eda Copello, Almendra Gomelsky, Gianella Neyra y Katia Condos<\/strong>, quienes compartieron mensajes de prevenci\u00f3n a trav\u00e9s de sus plataformas digitales. Tambi\u00e9n participaron representantes de ALINEN, aliados de marca, l\u00edderes de opini\u00f3n e influencers, junto con parte del equipo de <strong>The Est\u00e9e Lauder Companies<\/strong>.<\/p><p>Cada a\u00f1o, marcas locales se suman a la campa\u00f1a con colecciones y productos en edici\u00f3n limitada, destinando un porcentaje de sus ventas a apoyar la causa. Este 2025 participan <strong>Sicurezza, Zapatos LOLA, Sophie Crown Joyas, Luciana Del Solar Atelier, KOMODA, Half Naked, Lilai Sleepwear, Tropical Concept, Curva Studio Pilates, Inside Activewear, Un Pan Con Mango, Sra. Zapata, Chili\u2019s, Cookie Republic, the friend of Pablo, Coqui Castillo, Page Craft y Filigran<\/strong>.<\/p><p>Asimismo, empresas como <strong>Cineplanet, Audi, Yasmin Kahatt Fotograf\u00eda y Kaia Restaurante<\/strong> aportan con iniciativas de difusi\u00f3n y experiencias vinculadas a la campa\u00f1a.<\/p><p>El respaldo principal llega de <strong>Falabella<\/strong>, aliado estrat\u00e9gico que presenta una colecci\u00f3n rosa en edici\u00f3n especial junto a Est\u00e9e Lauder, destinando el <strong>100 % de las ganancias a ALINEN<\/strong>. Cada compra se convierte en un gesto tangible de solidaridad y apoyo a la detecci\u00f3n temprana.<\/p><p>Adem\u00e1s, la <strong>Cl\u00ednica Ziegler<\/strong> y la organizaci\u00f3n <strong>Lazo Rosado<\/strong> refuerzan la iniciativa mediante informaci\u00f3n, orientaci\u00f3n m\u00e9dica y charlas de prevenci\u00f3n, multiplicando el mensaje de que <strong>la detecci\u00f3n temprana salva vidas<\/strong>.<\/p><p>Desde 1992, cuando <strong>Evelyn H. Lauder<\/strong> co-cre\u00f3 el ic\u00f3nico Lazo Rosa, la misi\u00f3n de la campa\u00f1a ha sido clara: salvar vidas mediante la detecci\u00f3n temprana, el acceso a tratamientos y el impulso a la investigaci\u00f3n cient\u00edfica. Hasta hoy, <strong>The Est\u00e9e Lauder Companies y su fundaci\u00f3n han destinado m\u00e1s de 144 millones de d\u00f3lares<\/strong> a la causa, en alianza con la The <strong>Breast Cancer Research Foundation (BCRF)<\/strong>.<\/p><p>Este octubre, el color rosa trasciende la est\u00e9tica para convertirse en un s\u00edmbolo universal de lucha, solidaridad y acci\u00f3n. Desde el Per\u00fa, La Campa\u00f1a Rosa reafirma que la uni\u00f3n de voluntades puede transformar realidades y que la prevenci\u00f3n sigue siendo la clave: <strong>hablar de c\u00e1ncer de mama es hablar de salvar vidas<\/strong>.<\/p><p>\u00a0<\/p>\t\t\t\t\t\t\t\t<\/div>\n\t\t\t\t\t<\/div>\n\t\t<\/div>\n\t\t\t\t\t<\/div>\n\t\t<\/section>\n\t\t\t\t<\/div>\n\t\t","protected":false},"excerpt":{"rendered":"<p>La empresa reafirma su compromiso y moviliza a marcas y voces peruanas La iniciativa global cumple 33 a\u00f1os generando conciencia, promoviendo la prevenci\u00f3n y apoyando la investigaci\u00f3n para poner fin al c\u00e1ncer de mama. Lima, setiembre 2025. \u2013 En el marco del Mes de Sensibilizaci\u00f3n sobre el C\u00e1ncer de Mama, The Est\u00e9e Lauder Companies present\u00f3 la edici\u00f3n n\u00famero 33 de La Campa\u00f1a Rosa, movimiento global que ha transformado la concientizaci\u00f3n en una acci\u00f3n sostenida a lo largo de tres d\u00e9cadas. Este a\u00f1o, el lema vuelve a recordar el objetivo com\u00fan: \u201cTodos Unidos para Ayudar a Poner Fin al C\u00e1ncer de Mama\u201d. En el Per\u00fa, la campa\u00f1a se desarrolla desde hace 15 a\u00f1os bajo el liderazgo de Mar\u00eda Antonia Gustin, consolid\u00e1ndose como una plataforma de impacto real. Gracias al trabajo conjunto con la Alianza de Apoyo al INEN (ALINEN), los fondos recaudados han permitido financiar ex\u00e1menes preventivos gratuitos en el Instituto Nacional de Enfermedades Neopl\u00e1sicas (INEN), ofreciendo a miles de mujeres acceso a diagn\u00f3stico temprano. El evento de lanzamiento se realiz\u00f3 en el restaurante Lila Dasso y reuni\u00f3 a personalidades comprometidas con la causa, como Denisse Dib\u00f3s, Mar\u00eda P\u00eda Copello, Almendra Gomelsky, Gianella Neyra y Katia Condos, quienes compartieron mensajes de &hellip;<\/p>\n","protected":false},"author":1,"featured_media":6635,"comment_status":"closed","ping_status":"open","sticky":false,"template":"","format":"standard","meta":{"_acf_changed":false,"footnotes":""},"categories":[52],"tags":[],"coauthors":[236],"class_list":["post-6633","post","type-post","status-publish","format-standard","has-post-thumbnail","hentry","category-novedades"],"acf":[],"_links":{"self":[{"href":"https:\/\/vortexagencia.com\/ahlaurent\/wp-json\/wp\/v2\/posts\/6633","targetHints":{"allow":["GET"]}}],"collection":[{"href":"https:\/\/vortexagencia.com\/ahlaurent\/wp-json\/wp\/v2\/posts"}],"about":[{"href":"https:\/\/vortexagencia.com\/ahlaurent\/wp-json\/wp\/v2\/types\/post"}],"author":[{"embeddable":true,"href":"https:\/\/vortexagencia.com\/ahlaurent\/wp-json\/wp\/v2\/users\/1"}],"replies":[{"embeddable":true,"href":"https:\/\/vortexagencia.com\/ahlaurent\/wp-json\/wp\/v2\/comments?post=6633"}],"version-history":[{"count":4,"href":"https:\/\/vortexagencia.com\/ahlaurent\/wp-json\/wp\/v2\/posts\/6633\/revisions"}],"predecessor-version":[{"id":6638,"href":"https:\/\/vortexagencia.com\/ahlaurent\/wp-json\/wp\/v2\/posts\/6633\/revisions\/6638"}],"wp:featuredmedia":[{"embeddable":true,"href":"https:\/\/vortexagencia.com\/ahlaurent\/wp-json\/wp\/v2\/media\/6635"}],"wp:attachment":[{"href":"https:\/\/vortexagencia.com\/ahlaurent\/wp-json\/wp\/v2\/media?parent=6633"}],"wp:term":[{"taxonomy":"category","embeddable":true,"href":"https:\/\/vortexagencia.com\/ahlaurent\/wp-json\/wp\/v2\/categories?post=6633"},{"taxonomy":"post_tag","embeddable":true,"href":"https:\/\/vortexagencia.com\/ahlaurent\/wp-json\/wp\/v2\/tags?post=6633"},{"taxonomy":"author","embeddable":true,"href":"https:\/\/vortexagencia.com\/ahlaurent\/wp-json\/wp\/v2\/coauthors?post=6633"}],"curies":[{"name":"wp","href":"https:\/\/api.w.org\/{rel}","templated":true}]}}